{"id":1311,"date":"2023-12-19T17:48:36","date_gmt":"2023-12-19T16:48:36","guid":{"rendered":"https:\/\/aplicatibox.zz.vc\/carbonell\/?p=1311"},"modified":"2023-12-19T17:48:36","modified_gmt":"2023-12-19T16:48:36","slug":"ceremonia-de-apertura-del-laboratorio-de-bilinguismo-en-el-carbonell-un-avance-hacia-la-excelencia-educativa","status":"publish","type":"post","link":"https:\/\/aplicatibox.zz.vc\/carbonell\/index.php\/2023\/12\/19\/ceremonia-de-apertura-del-laboratorio-de-bilinguismo-en-el-carbonell-un-avance-hacia-la-excelencia-educativa\/","title":{"rendered":"Ceremonia de Apertura del Laboratorio de Biling\u00fcismo en el Carbonell: Un Avance hacia la Excelencia Educativa."},"content":{"rendered":"\n<p>El d\u00eda 13 de diciembre de 2023 se realizo la inauguraci\u00f3n del Laboratorio de Biling\u00fcismo del Carbonell, obra financiara por la Secretar\u00eda Distrital de Educaci\u00f3n de Cali. Al acto conto con la presencia del Secretario de Educaci\u00f3n de la ciudad, La subsecretar\u00eda de Calidad , el Rector de la IE, representantes de docentes, estudiantes y padres de familia. El moderno ambiente pedag\u00f3gico lleno de color, con equipos de computo y una pantalla interactiva de ultima tecnolog\u00eda contribuir\u00e1 notablemente al aprendizaje de los\u00a0estudiantes.<\/p>\n\n\n\n<figure class=\"wp-block-image size-large\"><img fetchpriority=\"high\" decoding=\"async\" width=\"1024\" height=\"768\" src=\"http:\/\/aplicatibox.zz.vc\/carbonell\/wp-content\/uploads\/2023\/12\/Noticia-2-1024x768.jpg\" alt=\"\" class=\"wp-image-1312\" srcset=\"https:\/\/aplicatibox.zz.vc\/carbonell\/wp-content\/uploads\/2023\/12\/Noticia-2-1024x768.jpg 1024w, https:\/\/aplicatibox.zz.vc\/carbonell\/wp-content\/uploads\/2023\/12\/Noticia-2-300x225.jpg 300w, https:\/\/aplicatibox.zz.vc\/carbonell\/wp-content\/uploads\/2023\/12\/Noticia-2-768x576.jpg 768w, https:\/\/aplicatibox.zz.vc\/carbonell\/wp-content\/uploads\/2023\/12\/Noticia-2-1536x1152.jpg 1536w, https:\/\/aplicatibox.zz.vc\/carbonell\/wp-content\/uploads\/2023\/12\/Noticia-2.jpg 1895w\" sizes=\"(max-width: 1024px) 100vw, 1024px\" \/><\/figure>\n\n\n\n<p>Rector, Coordinadores y Docentes, se reunieron con los padres de familia y los estudiantes que obtuvieron los mejores puntajes en el ICFES 2023. En el encuentro se resalto el trabajo que desarrolla la Instituci\u00f3n para formar estudiantes \u00edntegros, con excelentes resultados humanos, acad\u00e9micos y t\u00e9cnicos. Diciembre\u00a012\u00a0de\u00a02023.<\/p>\n","protected":false},"excerpt":{"rendered":"<p>Rector, Coordinadores y Docentes, se reunieron con los padres de familia y los estudiantes que obtuvieron los mejores puntajes<\/p>\n","protected":false},"author":1,"featured_media":1313,"comment_status":"open","ping_status":"open","sticky":false,"template":"","format":"standard","meta":{"footnotes":""},"categories":[1],"tags":[],"_links":{"self":[{"href":"https:\/\/aplicatibox.zz.vc\/carbonell\/index.php\/wp-json\/wp\/v2\/posts\/1311"}],"collection":[{"href":"https:\/\/aplicatibox.zz.vc\/carbonell\/index.php\/wp-json\/wp\/v2\/posts"}],"about":[{"href":"https:\/\/aplicatibox.zz.vc\/carbonell\/index.php\/wp-json\/wp\/v2\/types\/post"}],"author":[{"embeddable":true,"href":"https:\/\/aplicatibox.zz.vc\/carbonell\/index.php\/wp-json\/wp\/v2\/users\/1"}],"replies":[{"embeddable":true,"href":"https:\/\/aplicatibox.zz.vc\/carbonell\/index.php\/wp-json\/wp\/v2\/comments?post=1311"}],"version-history":[{"count":1,"href":"https:\/\/aplicatibox.zz.vc\/carbonell\/index.php\/wp-json\/wp\/v2\/posts\/1311\/revisions"}],"predecessor-version":[{"id":1314,"href":"https:\/\/aplicatibox.zz.vc\/carbonell\/index.php\/wp-json\/wp\/v2\/posts\/1311\/revisions\/1314"}],"wp:featuredmedia":[{"embeddable":true,"href":"https:\/\/aplicatibox.zz.vc\/carbonell\/index.php\/wp-json\/wp\/v2\/media\/1313"}],"wp:attachment":[{"href":"https:\/\/aplicatibox.zz.vc\/carbonell\/index.php\/wp-json\/wp\/v2\/media?parent=1311"}],"wp:term":[{"taxonomy":"category","embeddable":true,"href":"https:\/\/aplicatibox.zz.vc\/carbonell\/index.php\/wp-json\/wp\/v2\/categories?post=1311"},{"taxonomy":"post_tag","embeddable":true,"href":"https:\/\/aplicatibox.zz.vc\/carbonell\/index.php\/wp-json\/wp\/v2\/tags?post=1311"}],"curies":[{"name":"wp","href":"https:\/\/api.w.org\/{rel}","templated":true}]}}